{"id":5826,"date":"2021-02-19T14:25:16","date_gmt":"2021-02-19T14:25:16","guid":{"rendered":"https:\/\/mutti-parma.com\/fi\/?post_type=article&#038;p=5826"},"modified":"2023-02-23T17:19:04","modified_gmt":"2023-02-23T17:19:04","slug":"vastuulliset-tomaatit-maistuvat-paremmilta-2","status":"publish","type":"article","link":"https:\/\/mutti-parma.com\/fi\/all-articles\/vastuulliset-tomaatit-maistuvat-paremmilta-2\/","title":{"rendered":"Vastuullisuus viljelyss\u00e4"},"content":{"rendered":"\n<div class=\"wp-block-media-text alignwide has-media-on-the-right is-stacked-on-mobile is-style-hero\" style=\"grid-template-columns:auto 57%\"><figure class=\"wp-block-media-text__media\"><img loading=\"lazy\" decoding=\"async\" width=\"959\" height=\"644\" src=\"https:\/\/mutti-parma.com\/app\/uploads\/sites\/8\/2021\/01\/sza2726-edited.jpg\" alt=\"tomaatit\" class=\"wp-image-4994\" sizes=\"(max-width: 600px) 100vw, (min-width: 1440px) 821px,57vw\" data-spai-crop=\"false\" srcset=\"https:\/\/mutti-parma.com\/app\/uploads\/sites\/8\/2021\/01\/sza2726-edited.jpg 959w, https:\/\/mutti-parma.com\/app\/uploads\/sites\/8\/2021\/01\/sza2726-edited-200x134.jpg 200w, https:\/\/mutti-parma.com\/app\/uploads\/sites\/8\/2021\/01\/sza2726-edited-500x336.jpg 500w, https:\/\/mutti-parma.com\/app\/uploads\/sites\/8\/2021\/01\/sza2726-edited-768x516.jpg 768w, https:\/\/mutti-parma.com\/app\/uploads\/sites\/8\/2021\/01\/sza2726-edited-150x101.jpg 150w, https:\/\/mutti-parma.com\/app\/uploads\/sites\/8\/2021\/01\/sza2726-edited-600x403.jpg 600w\" \/><\/figure><div class=\"wp-block-media-text__content\"><div class=\"acf-breadcrumb my-4 md:my-8 text-center md:text-left\">\n  <nav>\n  <ol class=\"list-none text-md\">\n                  <li class=\"inline\">\n                      <a class=\"text-inherit\" href=\"https:\/\/mutti-parma.com\/fi\/\">\n              Italialaiset tomaatit\n            <\/a>\n                                <span aria-hidden=\"true\">\/&nbsp;<\/span>\n                  <\/li>\n                        <li class=\"inline\">\n                      <a class=\"text-inherit\" href=\"https:\/\/mutti-parma.com\/fi\/all-articles\/\">\n              Articles\n            <\/a>\n                            <\/li>\n            <\/ol>\n<\/nav>\n<\/div>\n\n\n\n<h1 class=\"has-text-align-right wp-block-heading\">Vastuullisuus viljelyss\u00e4<\/h1>\n\n\n<div class=\"acf-post-meta my-4 text-right\">\n      <p class=\"h4\">February 19, 2021<\/p>\n  \n      <p class=\"h4\">\n      Kategoria:\n              <a href=\"https:\/\/mutti-parma.com\/fi\/tag\/kestavyys\/\">#kest\u00e4vyys<\/a>\n          <\/p>\n    \n  <div class=\"my-6 flex justify-center sm:justify-end\">\n          <div\n  class=\"shariff\"\n  data-button-style=\"icon\"\n  data-mail-body=\"https:\/\/mutti-parma.com\/fi\/all-articles\/vastuulliset-tomaatit-maistuvat-paremmilta-2\/\"\n  data-mail-subject=\"Vastuullisuus viljelyss\u00e4 - Mutti\"\n  data-mail-url=\"mailto:\"\n  data-media-url=\"https:\/\/mutti-parma.com\/app\/uploads\/sites\/8\/2021\/01\/sza2726-edited.jpg\"\n  data-services=\"[&#039;facebook&#039;, &#039;twitter&#039;, &#039;whatsapp&#039;, &#039;pinterest&#039;, &#039;mail&#039;]\"\n><\/div>\n      <\/div>\n<\/div>\n\n\n\n<p>Voiko vastuullisuuden todella maistaa? Uskomme niin, <br> mutta vastuullisuus ei ole vain jokin yksitt\u00e4inen asia, vaan historiasta, perinteist\u00e4 ja nykytekniikasta muodostuva monimutkainen ilmi\u00f6. <\/p>\n\n\n\n<p>T\u00e4ss\u00e4 artikkelissa kerromme kaikista niist\u00e4 seikoista, jotka tekev\u00e4t tomaateistamme vastuullisia \u2013 ja uskomattoman herkullisia.<\/p>\n<\/div><\/div>\n\n\n\n<div class=\"wp-block-media-text alignwide is-stacked-on-mobile\" style=\"grid-template-columns:48% auto\"><figure class=\"wp-block-media-text__media\"><img loading=\"lazy\" decoding=\"async\" src=\"https:\/\/mutti-parma.com\/app\/uploads\/sites\/3\/2019\/09\/section-farmers-price-1024x683.jpg\" alt=\"\" class=\"wp-image-30000045\" sizes=\"(max-width: 600px) 100vw, (min-width: 1440px) 691px,48vw\" data-spai-crop=\"false\" srcset=\"https:\/\/mutti-parma.com\/app\/uploads\/sites\/3\/2019\/09\/section-farmers-price-1024x683.jpg 1024w, https:\/\/mutti-parma.com\/app\/uploads\/sites\/3\/2019\/09\/section-farmers-price-200x133.jpg 200w, https:\/\/mutti-parma.com\/app\/uploads\/sites\/3\/2019\/09\/section-farmers-price-500x334.jpg 500w, https:\/\/mutti-parma.com\/app\/uploads\/sites\/3\/2019\/09\/section-farmers-price-768x513.jpg 768w, https:\/\/mutti-parma.com\/app\/uploads\/sites\/3\/2019\/09\/section-farmers-price-150x100.jpg 150w, https:\/\/mutti-parma.com\/app\/uploads\/sites\/3\/2019\/09\/section-farmers-price-600x400.jpg 600w\" \/><\/figure><div class=\"wp-block-media-text__content\">\n<h3 class=\"is-style-default wp-block-heading\">Luontaisen maun puolustajat<\/h3>\n\n\n\n<p>Laadulla ei nyky\u00e4\u00e4n viitata vain erinomaisiin raaka-aineisiin, vaan se tarkoittaa my\u00f6s terveytt\u00e4 edist\u00e4v\u00e4\u00e4 ymp\u00e4rist\u00f6\u00e4, kest\u00e4v\u00e4\u00e4 maanviljely\u00e4, turvallisia ja maukkaita tuotteita ja samalla syv\u00e4\u00e4 kunnioitusta ja huolenpitoa<a href=\"https:\/\/mutti-parma.com\/fi\/all-articles\/tuotantoketju-joka-kestaa-tarkastelua\/\"> kaikkea ja kaikkia tuotantoketjun osia kohtaan<\/a>. Juuri n\u00e4in Mutti m\u00e4\u00e4rittelee laadun. <\/p>\n\n\n\n<p><a href=\"https:\/\/mutti-parma.com\/fi\/pitka-rakkaustarina\/\">Muttin perheess\u00e4 ymm\u00e4rrettiin alusta l\u00e4htien, miten suuri merkitys hyv\u00e4ll\u00e4 laadulla on kilpailijoista erottumiselle.<\/a> Laatuajattelumme toi meille jo vuonna 1911 arvossa pidetyn Diploma di Medaglia d\u2019Oro di 1\u00b0 grado -palkinnon (johon Muttin logon keskell\u00e4 oleva mitali viittaa). Perimm\u00e4isen\u00e4 tavoitteenamme on aina ollut tuottaa kaikista parhaita tomaatteja.<\/p>\n\n\n\n<p>Koska toimittajamme asuvat l\u00e4hialueellamme, on luonnollista tehd\u00e4 l\u00e4heist\u00e4 yhteisty\u00f6t\u00e4 heid\u00e4n kanssaan. Toimittajiemme, heid\u00e4n perheidens\u00e4 ja kaikkien ty\u00f6ntekij\u00f6idemme turvallisuus ja hyvinvointi ovat meille kaikki kaikessa.<br> Pyrimme pitk\u00e4aikaisiin yhteisty\u00f6suhteisiin laatuvaatimuksemme vakavasti ottavien viljelij\u00f6iden kanssa. <a href=\"https:\/\/mutti-parma.com\/fi\/all-articles\/tuotantoketju-joka-kestaa-tarkastelua\/\">Tiukoista vaatimuksistamme <\/a>huolimatta vuosi vuodelta yh\u00e4 useampi viljelij\u00e4 haluaa tehd\u00e4 yhteisty\u00f6t\u00e4 Muttin kanssa. <\/p>\n<\/div><\/div>\n\n\n\n<h3 class=\"wp-block-heading\">&#8220;Laatutietoisuutemme kattaa koko tuotantoketjun ja ymp\u00e4rist\u00f6n. Siten varmistamme, ett\u00e4 my\u00f6s tulevat sukupolvet saavat nauttia ihanista tomaateista.&#8221;<\/h3>\n\n\n\n<div class=\"wp-block-media-text alignwide has-media-on-the-right is-stacked-on-mobile is-style-default\" style=\"grid-template-columns:auto 47%\"><figure class=\"wp-block-media-text__media\"><img loading=\"lazy\" decoding=\"async\" width=\"628\" height=\"422\" src=\"https:\/\/mutti-parma.com\/app\/uploads\/sites\/8\/2021\/01\/sza4435-edited.jpg\" alt=\"h\u00f8st af tomater\" class=\"wp-image-5097\" sizes=\"(max-width: 600px) 100vw, (min-width: 1440px) 677px,47vw\" data-spai-crop=\"false\" srcset=\"https:\/\/mutti-parma.com\/app\/uploads\/sites\/8\/2021\/01\/sza4435-edited.jpg 628w, https:\/\/mutti-parma.com\/app\/uploads\/sites\/8\/2021\/01\/sza4435-edited-200x134.jpg 200w, https:\/\/mutti-parma.com\/app\/uploads\/sites\/8\/2021\/01\/sza4435-edited-500x336.jpg 500w, https:\/\/mutti-parma.com\/app\/uploads\/sites\/8\/2021\/01\/sza4435-edited-150x101.jpg 150w, https:\/\/mutti-parma.com\/app\/uploads\/sites\/8\/2021\/01\/sza4435-edited-600x403.jpg 600w\" \/><\/figure><div class=\"wp-block-media-text__content\">\n<h3 class=\"is-style-default wp-block-heading\"><strong>Laatuty\u00f6 alkaa parhaiden viljelypaikkojen l\u00f6yt\u00e4misest\u00e4<\/strong><\/h3>\n\n\n\n<p>Valitsemme viljelij\u00f6idemme kanssa ne alueet, jotka soveltuvat parhaiten erilaisten tomaattien kasvatukseen. Oikeilla olosuhteilla on ratkaiseva merkitys tomaattien herkullisuudelle.<\/p>\n\n\n\n<p>Viljelij\u00f6ill\u00e4mme on kokemusta kaikista tomaattilajikkeista, ja osaamisensa pohjalta he valitsevat ne lajikkeet, jotka soveltuvat parhaiten maaper\u00e4\u00e4n (jos maaper\u00e4 ei ole kovin viljavaa, kasvuvoimaa on oltava enemm\u00e4n), ilmasto-oloihin (lehtev\u00e4t lajikkeet vaativat enemm\u00e4n ilmavirtausta) ja satokausiin (varhaislajikkeet kest\u00e4v\u00e4t paremmin pikkupakkasia).<\/p>\n\n\n\n<p>Kest\u00e4v\u00e4 maatalous edist\u00e4\u00e4 hyv\u00e4\u00e4 viljelytapaa, kuten laajaa vuoroviljely\u00e4 (jossa kasvien paikkoja vaihdetaan vuosittain tietyss\u00e4 j\u00e4rjestyksess\u00e4, jotta ravintoaineet palautuvat maaper\u00e4\u00e4n ja vastustuskykyisten tuhoel\u00e4inten ja rikkakasvien riski pienenee), kivenn\u00e4ispitoisen orgaanisen aineksen palauttamista maaper\u00e4\u00e4n lannoittamalla ja j\u00e4tt\u00e4m\u00e4ll\u00e4 kasviainetta pelloille sek\u00e4 maa-analyysia, jolla varmistetaan, ett\u00e4 maaper\u00e4n ravintotasapaino on ihanteellinen tomaateille.<\/p>\n<\/div><\/div>\n\n\n\n<div class=\"wp-block-media-text alignwide is-stacked-on-mobile is-style-default\" style=\"grid-template-columns:47% auto\"><figure class=\"wp-block-media-text__media\"><img loading=\"lazy\" decoding=\"async\" src=\"https:\/\/mutti-parma.com\/app\/uploads\/sites\/3\/2019\/09\/banner-press-1024x683.jpg\" alt=\"\" class=\"wp-image-300000160\" sizes=\"(max-width: 600px) 100vw, (min-width: 1440px) 677px,47vw\" data-spai-crop=\"false\" srcset=\"https:\/\/mutti-parma.com\/app\/uploads\/sites\/3\/2019\/09\/banner-press-1024x683.jpg 1024w, https:\/\/mutti-parma.com\/app\/uploads\/sites\/3\/2019\/09\/banner-press-200x133.jpg 200w, https:\/\/mutti-parma.com\/app\/uploads\/sites\/3\/2019\/09\/banner-press-500x334.jpg 500w, https:\/\/mutti-parma.com\/app\/uploads\/sites\/3\/2019\/09\/banner-press-768x513.jpg 768w, https:\/\/mutti-parma.com\/app\/uploads\/sites\/3\/2019\/09\/banner-press-150x100.jpg 150w, https:\/\/mutti-parma.com\/app\/uploads\/sites\/3\/2019\/09\/banner-press-600x400.jpg 600w\" \/><\/figure><div class=\"wp-block-media-text__content\">\n<h3 class=\"is-style-default wp-block-heading\"><strong>Varmennettua laatua<\/strong><\/h3>\n\n\n\n<p>Muttilla on ollut integroidun tuotannon sertifiointi vuodesta 1999. Menetelm\u00e4\u00e4 kutsutaan my\u00f6s integroiduksi viljelyksi ja se viittaa tuotantotekniikkaan, jossa tuotantopanosten k\u00e4ytt\u00f6 on v\u00e4h\u00e4ist\u00e4 ja maataloustuottajien, kuluttajien ja ymp\u00e4rist\u00f6n suoja tavanomaista parempaa. Se perustuu<\/p>\n\n\n\n<ul class=\"wp-block-list\"><li>agronomisten ty\u00f6tapojen kuten vuoroviljelyn hy\u00f6dynt\u00e4miseen&nbsp;<\/li><li>ravinteiden saannin tarkistamiseen lajikkeiden tarpeiden ja ravintoaineiden luontaisen palautumisen (maa-analyysi) pohjalta<\/li><li>tehokkaiden kastelumenetelmien, kuten pisarakasteluj\u00e4rjestelmien, sek\u00e4 t\u00e4sm\u00e4llisen vedentarpeen valvontaj\u00e4rjestelmien ja maaper\u00e4n kosteusmittauksen k\u00e4ytt\u00f6\u00f6n.&nbsp;<\/li><\/ul>\n\n\n\n<p>Viljelij\u00e4t saavat Muttilta vuosittain m\u00e4\u00e4rittelyn vastuullisen tuotannon vaatimuksista, joka kattaa kaikki viljelylliset n\u00e4k\u00f6kohdat maaper\u00e4n muokkauksesta sadonkorjuuseen. Painopiste on etenkin ravintoaineissa, kastelussa kosteusmittareita k\u00e4ytt\u00e4en, rikkakasvien torjunnassa ja tuhohy\u00f6nteisilt\u00e4 suojautumisessa manuaalisin ansoin, jotta torjunta-aineiden k\u00e4yt\u00f6lt\u00e4 ja hedelmiin tai lehtiin kohdistuvilta sairauksilta v\u00e4ltytt\u00e4isiin mahdollisimman suuressa m\u00e4\u00e4rin. M\u00e4\u00e4rittely vastaa Emilia-Romagnan alueen laatimia integroidun tuotannon vaatimuksia (IP-sertifiointi ilmenee Mutti-tuotteiden pakkausmerkinn\u00f6ist\u00e4). Lis\u00e4ksi viljelij\u00e4t saavat viikkotiedotteita eri alueiden kasvinterveydellisest\u00e4 tilanteesta. Kaikella t\u00e4ll\u00e4 taataan, ett\u00e4 taimet saavat kehitty\u00e4 mahdollisimman tervein\u00e4 ja luonnollisesti.<\/p>\n<\/div><\/div>\n\n\n\n<div class=\"wp-block-cover alignwide has-darkred-background-color has-background-dim\"><div class=\"wp-block-cover__inner-container is-layout-flow wp-block-cover-is-layout-flow\">\n<h3 class=\"has-text-align-center wp-block-heading\">Tiesitk\u00f6?<\/h3>\n\n\n\n<hr class=\"wp-block-separator has-text-color has-background has-white-background-color has-white-color\"\/>\n\n\n\n<div class=\"wp-block-columns alignfull is-layout-flex wp-container-core-columns-is-layout-9d6595d7 wp-block-columns-is-layout-flex\">\n<div class=\"wp-block-column is-layout-flow wp-block-column-is-layout-flow\">\n<div class=\"wp-block-image is-style-circle-mask\"><figure class=\"aligncenter size-large is-resized\"><img loading=\"lazy\" decoding=\"async\" src=\"https:\/\/mutti-parma.com\/app\/uploads\/sites\/3\/2019\/09\/feeling-image-tomato-production-1024x683.jpg\" alt=\"\" class=\"wp-image-300000148\" width=\"311\" height=\"176\" \/><\/figure><\/div>\n\n\n\n<p class=\"has-text-align-center\">Laitoksiimme saapuville tomaattierille tehd\u00e4\u00e4n vuosittain noin 96 000 testi\u00e4 ja analyysia. Ennen tomaattien p\u00e4\u00e4tymist\u00e4 tehtaaseen ne on tarkastettu kolmeen kertaan ihmissilmin ja huipputeknisill\u00e4 lasereilla.  <\/p>\n<\/div>\n\n\n\n<div class=\"wp-block-column is-layout-flow wp-block-column-is-layout-flow\">\n<div class=\"wp-block-image is-style-circle-mask\"><figure class=\"aligncenter size-large is-resized\"><img loading=\"lazy\" decoding=\"async\" src=\"https:\/\/mutti-parma.com\/app\/uploads\/sites\/8\/2021\/01\/legami-terra-4.png\" alt=\"tomaatin tuotanto\" class=\"wp-image-5095\" width=\"311\" height=\"176\" \/><\/figure><\/div>\n\n\n\n<p class=\"has-text-align-center\">Tehtaasta l\u00e4htev\u00e4t tuotteet tarkastetaan ulkopuolisissa laboratorioissa, joissa tehd\u00e4\u00e4n noin 35&nbsp;000 testi\u00e4.&nbsp; Lis\u00e4ksi omassa laadunvalvonnassamme tehd\u00e4\u00e4n l\u00e4hes 300&nbsp;000 tarkastusta vuosittain. Toimimme n\u00e4in, koska haluamme tarjota asiakkaillemme vain kaikista parhaita italialaisia tomaatteja.<\/p>\n<\/div>\n\n\n\n<div class=\"wp-block-column is-layout-flow wp-block-column-is-layout-flow\">\n<div class=\"wp-block-image\"><figure class=\"aligncenter size-full is-resized\"><img loading=\"lazy\" decoding=\"async\" src=\"https:\/\/mutti-parma.com\/app\/uploads\/sites\/8\/2021\/01\/mut-2770-1.png\" alt=\"tomaattien sato\" class=\"wp-image-5096\" width=\"220\" srcset=\"https:\/\/mutti-parma.com\/app\/uploads\/sites\/8\/2021\/01\/mut-2770-1.png 183w, https:\/\/mutti-parma.com\/app\/uploads\/sites\/8\/2021\/01\/mut-2770-1-150x145.png 150w\" sizes=\"(max-width: 183px) 100vw, 183px\" \/><\/figure><\/div>\n\n\n\n<p class=\"has-text-align-center\">Saamamme BRC- ja IFS-sertifioinnit osoittavat, ett\u00e4 tuotantomenetelm\u00e4mme ja -ketjumme kest\u00e4v\u00e4t kansainv\u00e4list\u00e4 tarkastelua. ISO 22005 -standardin mukaisissa alkuper\u00e4ketjutiedoissa yksil\u00f6id\u00e4\u00e4n tarkkaan ne viljelij\u00e4t, joille on my\u00f6nnetty valtuutus toimittaa mailtaan tomaatteja tuotteisiimme.<\/p>\n<\/div>\n<\/div>\n<\/div><\/div>\n\n\n<div class=\"acf-article-listing alignwide \">\n      <h2 class=\"text-center\">Lue lis\u00e4\u00e4 aiheesta vastuullisuus <\/h2>\n  \n      <div class=\"flex flex-wrap justify-center -mx-8\">\n              <div class=\"w-1\/3 my-4 px-8\">\n          <div class=\"max-w-96 mx-auto\">\n  \n  <div class=\"flex h5\">\n    <div>\n      January 24, 2025\n    <\/div>\n      <\/div>\n\n  <a class=\"block no-underline mb-2 hover:underline\" href=\"https:\/\/mutti-parma.com\/fi\/all-articles\/when-you-love-someone-complete-the-sentence\/\">\n    <h3>WHEN YOU LOVE SOMEONE\u2026 COMPLETE THE SENTENCE!<\/h3>\n  <\/a>\n\n  <a class=\"block h5 underline\" href=\"https:\/\/mutti-parma.com\/fi\/all-articles\/when-you-love-someone-complete-the-sentence\/\">\n    Lue lis\u00e4\u00e4\n  <\/a>\n<\/div>\n        <\/div>\n              <div class=\"w-1\/3 my-4 px-8\">\n          <div class=\"max-w-96 mx-auto\">\n  \n  <div class=\"flex h5\">\n    <div>\n      February 25, 2021\n    <\/div>\n      <\/div>\n\n  <a class=\"block no-underline mb-2 hover:underline\" href=\"https:\/\/mutti-parma.com\/fi\/all-articles\/kilpailun-ehdot-ja-saannot\/\">\n    <h3>Kilpailun ehdot &#038; s\u00e4\u00e4nn\u00f6t<\/h3>\n  <\/a>\n\n  <a class=\"block h5 underline\" href=\"https:\/\/mutti-parma.com\/fi\/all-articles\/kilpailun-ehdot-ja-saannot\/\">\n    Lue lis\u00e4\u00e4\n  <\/a>\n<\/div>\n        <\/div>\n              <div class=\"w-1\/3 my-4 px-8\">\n          <div class=\"max-w-96 mx-auto\">\n      <a href=\"https:\/\/mutti-parma.com\/fi\/all-articles\/miten-ilmastonmuutos-vaikuttaa-tomaatin-viljelyyn\/\" class=\"block\">\n      <div class=\"responsive-embed \" style=\"padding-bottom: 67.567567567568%;\"><img decoding=\"async\" width=\"796\" height=\"644\" src=\"https:\/\/mutti-parma.com\/app\/uploads\/sites\/8\/2021\/01\/asset-1-1.jpg\" class=\"inline-block wp-image-5331\" alt=\"Ilmastonmuutos viljelyss\u00e4\" data-spai-crop=\"true\" title=\"Ilmastonmuutos viljelyss\u00e4\" srcset=\"https:\/\/mutti-parma.com\/app\/uploads\/sites\/8\/2021\/01\/asset-1-1.jpg 796w, https:\/\/mutti-parma.com\/app\/uploads\/sites\/8\/2021\/01\/asset-1-1-200x162.jpg 200w, https:\/\/mutti-parma.com\/app\/uploads\/sites\/8\/2021\/01\/asset-1-1-500x405.jpg 500w, https:\/\/mutti-parma.com\/app\/uploads\/sites\/8\/2021\/01\/asset-1-1-768x621.jpg 768w, https:\/\/mutti-parma.com\/app\/uploads\/sites\/8\/2021\/01\/asset-1-1-150x121.jpg 150w, https:\/\/mutti-parma.com\/app\/uploads\/sites\/8\/2021\/01\/asset-1-1-600x485.jpg 600w\" sizes=\"auto, (max-width: 796px) 100vw, 796px\" loading=\"lazy\" \/><\/div>\n    <\/a>\n  \n  <div class=\"flex h5\">\n    <div>\n      February 19, 2021\n    <\/div>\n          <div class=\"border-r border-primary pr-3 mr-3 mb-1\"><\/div>\n      <div class=\"\">\n                  <a href=\"https:\/\/mutti-parma.com\/fi\/tag\/kestavyys\/\">#kest\u00e4vyys<\/a>\n              <\/div>\n      <\/div>\n\n  <a class=\"block no-underline mb-2 hover:underline\" href=\"https:\/\/mutti-parma.com\/fi\/all-articles\/miten-ilmastonmuutos-vaikuttaa-tomaatin-viljelyyn\/\">\n    <h3>Ilmastonmuutos viljelyss\u00e4<\/h3>\n  <\/a>\n\n  <a class=\"block h5 underline\" href=\"https:\/\/mutti-parma.com\/fi\/all-articles\/miten-ilmastonmuutos-vaikuttaa-tomaatin-viljelyyn\/\">\n    Lue lis\u00e4\u00e4\n  <\/a>\n<\/div>\n        <\/div>\n              <div class=\"w-1\/3 my-4 px-8\">\n          <div class=\"max-w-96 mx-auto\">\n      <a href=\"https:\/\/mutti-parma.com\/fi\/all-articles\/luonnon-monimuotoisuuden-kunnioittaminen-suojelee-elamaa\/\" class=\"block\">\n      <div class=\"responsive-embed \" style=\"padding-bottom: 67.567567567568%;\"><img decoding=\"async\" width=\"796\" height=\"644\" src=\"https:\/\/mutti-parma.com\/app\/uploads\/sites\/8\/2021\/01\/asset-2-4.jpg\" class=\"inline-block wp-image-5313\" alt=\"Luonnon monimuotoisuus\" data-spai-crop=\"true\" title=\"Luonnon monimuotoisuus\" srcset=\"https:\/\/mutti-parma.com\/app\/uploads\/sites\/8\/2021\/01\/asset-2-4.jpg 796w, https:\/\/mutti-parma.com\/app\/uploads\/sites\/8\/2021\/01\/asset-2-4-200x162.jpg 200w, https:\/\/mutti-parma.com\/app\/uploads\/sites\/8\/2021\/01\/asset-2-4-500x405.jpg 500w, https:\/\/mutti-parma.com\/app\/uploads\/sites\/8\/2021\/01\/asset-2-4-768x621.jpg 768w, https:\/\/mutti-parma.com\/app\/uploads\/sites\/8\/2021\/01\/asset-2-4-150x121.jpg 150w, https:\/\/mutti-parma.com\/app\/uploads\/sites\/8\/2021\/01\/asset-2-4-600x485.jpg 600w\" sizes=\"auto, (max-width: 796px) 100vw, 796px\" loading=\"lazy\" \/><\/div>\n    <\/a>\n  \n  <div class=\"flex h5\">\n    <div>\n      February 19, 2021\n    <\/div>\n          <div class=\"border-r border-primary pr-3 mr-3 mb-1\"><\/div>\n      <div class=\"\">\n                  <a href=\"https:\/\/mutti-parma.com\/fi\/tag\/kestavyys\/\">#kest\u00e4vyys<\/a>\n              <\/div>\n      <\/div>\n\n  <a class=\"block no-underline mb-2 hover:underline\" href=\"https:\/\/mutti-parma.com\/fi\/all-articles\/luonnon-monimuotoisuuden-kunnioittaminen-suojelee-elamaa\/\">\n    <h3>Luonnon monimuotoisuus<\/h3>\n  <\/a>\n\n  <a class=\"block h5 underline\" href=\"https:\/\/mutti-parma.com\/fi\/all-articles\/luonnon-monimuotoisuuden-kunnioittaminen-suojelee-elamaa\/\">\n    Lue lis\u00e4\u00e4\n  <\/a>\n<\/div>\n        <\/div>\n              <div class=\"w-1\/3 my-4 px-8\">\n          <div class=\"max-w-96 mx-auto\">\n      <a href=\"https:\/\/mutti-parma.com\/fi\/all-articles\/muttin-laatupalkinto-pomodorino-doro\/\" class=\"block\">\n      <div class=\"responsive-embed \" style=\"padding-bottom: 67.567567567568%;\"><img decoding=\"async\" width=\"796\" height=\"644\" src=\"https:\/\/mutti-parma.com\/app\/uploads\/sites\/8\/2021\/01\/asset-3-1.jpg\" class=\"inline-block wp-image-5298\" alt=\"Pomodorino Doro\" data-spai-crop=\"true\" title=\"Pomodorino Doro\" srcset=\"https:\/\/mutti-parma.com\/app\/uploads\/sites\/8\/2021\/01\/asset-3-1.jpg 796w, https:\/\/mutti-parma.com\/app\/uploads\/sites\/8\/2021\/01\/asset-3-1-200x162.jpg 200w, https:\/\/mutti-parma.com\/app\/uploads\/sites\/8\/2021\/01\/asset-3-1-500x405.jpg 500w, https:\/\/mutti-parma.com\/app\/uploads\/sites\/8\/2021\/01\/asset-3-1-768x621.jpg 768w, https:\/\/mutti-parma.com\/app\/uploads\/sites\/8\/2021\/01\/asset-3-1-150x121.jpg 150w, https:\/\/mutti-parma.com\/app\/uploads\/sites\/8\/2021\/01\/asset-3-1-600x485.jpg 600w\" sizes=\"auto, (max-width: 796px) 100vw, 796px\" loading=\"lazy\" \/><\/div>\n    <\/a>\n  \n  <div class=\"flex h5\">\n    <div>\n      February 19, 2021\n    <\/div>\n          <div class=\"border-r border-primary pr-3 mr-3 mb-1\"><\/div>\n      <div class=\"\">\n                  <a href=\"https:\/\/mutti-parma.com\/fi\/tag\/kunnioitus\/\">#kunnioitus<\/a>, \n                  <a href=\"https:\/\/mutti-parma.com\/fi\/tag\/laatu\/\">#laatu<\/a>\n              <\/div>\n      <\/div>\n\n  <a class=\"block no-underline mb-2 hover:underline\" href=\"https:\/\/mutti-parma.com\/fi\/all-articles\/muttin-laatupalkinto-pomodorino-doro\/\">\n    <h3>Pomodorino Doro<\/h3>\n  <\/a>\n\n  <a class=\"block h5 underline\" href=\"https:\/\/mutti-parma.com\/fi\/all-articles\/muttin-laatupalkinto-pomodorino-doro\/\">\n    Lue lis\u00e4\u00e4\n  <\/a>\n<\/div>\n        <\/div>\n              <div class=\"w-1\/3 my-4 px-8\">\n          <div class=\"max-w-96 mx-auto\">\n      <a href=\"https:\/\/mutti-parma.com\/fi\/all-articles\/mekaanisen-sadonkorjuun-idea\/\" class=\"block\">\n      <div class=\"responsive-embed \" style=\"padding-bottom: 67.567567567568%;\"><img decoding=\"async\" width=\"796\" height=\"644\" src=\"https:\/\/mutti-parma.com\/app\/uploads\/sites\/8\/2021\/01\/asset-1.jpg\" class=\"inline-block wp-image-5258\" alt=\"Mekaaninen sadonkorjuu\" data-spai-crop=\"true\" title=\"Mekaaninen sadonkorjuu\" srcset=\"https:\/\/mutti-parma.com\/app\/uploads\/sites\/8\/2021\/01\/asset-1.jpg 796w, https:\/\/mutti-parma.com\/app\/uploads\/sites\/8\/2021\/01\/asset-1-200x162.jpg 200w, https:\/\/mutti-parma.com\/app\/uploads\/sites\/8\/2021\/01\/asset-1-500x405.jpg 500w, https:\/\/mutti-parma.com\/app\/uploads\/sites\/8\/2021\/01\/asset-1-768x621.jpg 768w, https:\/\/mutti-parma.com\/app\/uploads\/sites\/8\/2021\/01\/asset-1-150x121.jpg 150w, https:\/\/mutti-parma.com\/app\/uploads\/sites\/8\/2021\/01\/asset-1-600x485.jpg 600w\" sizes=\"auto, (max-width: 796px) 100vw, 796px\" loading=\"lazy\" \/><\/div>\n    <\/a>\n  \n  <div class=\"flex h5\">\n    <div>\n      February 19, 2021\n    <\/div>\n          <div class=\"border-r border-primary pr-3 mr-3 mb-1\"><\/div>\n      <div class=\"\">\n                  <a href=\"https:\/\/mutti-parma.com\/fi\/tag\/kunnioitus\/\">#kunnioitus<\/a>\n              <\/div>\n      <\/div>\n\n  <a class=\"block no-underline mb-2 hover:underline\" href=\"https:\/\/mutti-parma.com\/fi\/all-articles\/mekaanisen-sadonkorjuun-idea\/\">\n    <h3>Mekaaninen sadonkorjuu<\/h3>\n  <\/a>\n\n  <a class=\"block h5 underline\" href=\"https:\/\/mutti-parma.com\/fi\/all-articles\/mekaanisen-sadonkorjuun-idea\/\">\n    Lue lis\u00e4\u00e4\n  <\/a>\n<\/div>\n        <\/div>\n          <\/div>\n  \n      <hr class=\"wp-block-separator alignwide\">\n\n    <div class=\"text-center\">\n      <a class=\"btn large\" href=\"https:\/\/mutti-parma.com\/fi\/all-articles\/\">Lue kaikki artikkelit Muttin toimintatavoista ja vastuullisuudesta<\/a>\n    <\/div>\n  <\/div>\n\n\n\n<div class=\"wp-block-cover alignfull has-darkred-background-color has-background-dim has-background-dim-NaN\"><div class=\"wp-block-cover__inner-container is-layout-flow wp-block-cover-is-layout-flow\">\n<h3 class=\"has-white-color has-text-align-center wp-block-heading\"><a href=\"https:\/\/mutti-parma.com\/fi\/pitka-rakkaustarina\/meidan-tapamme-toimia\/\">Palaa Lukemaan arvoistamme<\/a><\/h3>\n<\/div><\/div>\n","protected":false},"excerpt":{"rendered":"<p>Luontaisen maun puolustajat Laadulla ei nyky\u00e4\u00e4n viitata vain erinomaisiin raaka-aineisiin, vaan se tarkoittaa my\u00f6s terveytt\u00e4 edist\u00e4v\u00e4\u00e4 ymp\u00e4rist\u00f6\u00e4, kest\u00e4v\u00e4\u00e4 maanviljely\u00e4, turvallisia ja maukkaita tuotteita ja samalla syv\u00e4\u00e4 kunnioitusta ja huolenpitoa kaikkea ja kaikkia tuotantoketjun osia kohtaan. Juuri n\u00e4in Mutti m\u00e4\u00e4rittelee laadun. Muttin perheess\u00e4 ymm\u00e4rrettiin alusta l\u00e4htien, miten suuri merkitys hyv\u00e4ll\u00e4 laadulla on kilpailijoista erottumiselle. Laatuajattelumme toi<\/p>\n","protected":false},"featured_media":4994,"template":"","tags":[944],"class_list":["post-5826","article","type-article","status-publish","has-post-thumbnail","hentry","tag-kestavyys"],"acf":[],"_links":{"self":[{"href":"https:\/\/mutti-parma.com\/fi\/wp-json\/wp\/v2\/article\/5826","targetHints":{"allow":["GET"]}}],"collection":[{"href":"https:\/\/mutti-parma.com\/fi\/wp-json\/wp\/v2\/article"}],"about":[{"href":"https:\/\/mutti-parma.com\/fi\/wp-json\/wp\/v2\/types\/article"}],"version-history":[{"count":15,"href":"https:\/\/mutti-parma.com\/fi\/wp-json\/wp\/v2\/article\/5826\/revisions"}],"predecessor-version":[{"id":9021,"href":"https:\/\/mutti-parma.com\/fi\/wp-json\/wp\/v2\/article\/5826\/revisions\/9021"}],"wp:featuredmedia":[{"embeddable":true,"href":"https:\/\/mutti-parma.com\/fi\/wp-json\/wp\/v2\/media\/4994"}],"wp:attachment":[{"href":"https:\/\/mutti-parma.com\/fi\/wp-json\/wp\/v2\/media?parent=5826"}],"wp:term":[{"taxonomy":"post_tag","embeddable":true,"href":"https:\/\/mutti-parma.com\/fi\/wp-json\/wp\/v2\/tags?post=5826"}],"curies":[{"name":"wp","href":"https:\/\/api.w.org\/{rel}","templated":true}]}}