{"id":5841,"date":"2021-02-19T14:31:58","date_gmt":"2021-02-19T14:31:58","guid":{"rendered":"https:\/\/mutti-parma.com\/fi\/?post_type=article&#038;p=5841"},"modified":"2023-02-23T17:19:04","modified_gmt":"2023-02-23T17:19:04","slug":"luonnon-monimuotoisuuden-kunnioittaminen-suojelee-elamaa","status":"publish","type":"article","link":"https:\/\/mutti-parma.com\/fi\/all-articles\/luonnon-monimuotoisuuden-kunnioittaminen-suojelee-elamaa\/","title":{"rendered":"Luonnon monimuotoisuus"},"content":{"rendered":"\n<div class=\"wp-block-media-text alignwide has-media-on-the-right is-stacked-on-mobile is-image-fill is-style-hero\" style=\"grid-template-columns:auto 57%\"><figure class=\"wp-block-media-text__media\" style=\"background-image:url(https:\/\/mutti-parma.com\/app\/uploads\/sites\/8\/2021\/01\/asset-2-4.jpg);background-position:28.90995260663507% 50%\"><img loading=\"lazy\" decoding=\"async\" width=\"796\" height=\"644\" src=\"https:\/\/mutti-parma.com\/app\/uploads\/sites\/8\/2021\/01\/asset-2-4.jpg\" alt=\"h\u00f8st af tomater\" class=\"wp-image-5313\" srcset=\"https:\/\/mutti-parma.com\/app\/uploads\/sites\/8\/2021\/01\/asset-2-4.jpg 796w, https:\/\/mutti-parma.com\/app\/uploads\/sites\/8\/2021\/01\/asset-2-4-200x162.jpg 200w, https:\/\/mutti-parma.com\/app\/uploads\/sites\/8\/2021\/01\/asset-2-4-500x405.jpg 500w, https:\/\/mutti-parma.com\/app\/uploads\/sites\/8\/2021\/01\/asset-2-4-768x621.jpg 768w, https:\/\/mutti-parma.com\/app\/uploads\/sites\/8\/2021\/01\/asset-2-4-150x121.jpg 150w, https:\/\/mutti-parma.com\/app\/uploads\/sites\/8\/2021\/01\/asset-2-4-600x485.jpg 600w\" sizes=\"(max-width: 796px) 100vw, 796px\" \/><\/figure><div class=\"wp-block-media-text__content\"><div class=\"acf-breadcrumb my-4 md:my-8 text-center md:text-left\">\n  <nav>\n  <ol class=\"list-none text-md\">\n                  <li class=\"inline\">\n                      <a class=\"text-inherit\" href=\"https:\/\/mutti-parma.com\/fi\/\">\n              Italialaiset tomaatit\n            <\/a>\n                                <span aria-hidden=\"true\">\/&nbsp;<\/span>\n                  <\/li>\n                        <li class=\"inline\">\n                      <a class=\"text-inherit\" href=\"https:\/\/mutti-parma.com\/fi\/all-articles\/\">\n              Articles\n            <\/a>\n                            <\/li>\n            <\/ol>\n<\/nav>\n<\/div>\n\n\n\n<h1 class=\"wp-block-heading\">Luonnon monimuotoisuus<\/h1>\n\n\n<div class=\"acf-post-meta my-4 text-right\">\n      <p class=\"h4\">February 19, 2021<\/p>\n  \n      <p class=\"h4\">\n      Kategoria:\n              <a href=\"https:\/\/mutti-parma.com\/fi\/tag\/kestavyys\/\">#kest\u00e4vyys<\/a>\n          <\/p>\n    \n  <div class=\"my-6 flex justify-center sm:justify-end\">\n          <div\n  class=\"shariff\"\n  data-button-style=\"icon\"\n  data-mail-body=\"https:\/\/mutti-parma.com\/fi\/all-articles\/luonnon-monimuotoisuuden-kunnioittaminen-suojelee-elamaa\/\"\n  data-mail-subject=\"Luonnon monimuotoisuus - Mutti\"\n  data-mail-url=\"mailto:\"\n  data-media-url=\"https:\/\/mutti-parma.com\/app\/uploads\/sites\/8\/2021\/01\/asset-2-4.jpg\"\n  data-services=\"[&#039;facebook&#039;, &#039;twitter&#039;, &#039;whatsapp&#039;, &#039;pinterest&#039;, &#039;mail&#039;]\"\n><\/div>\n      <\/div>\n<\/div>\n\n\n\n<p>Tomaattien viljely ja niiden maun s\u00e4ilytt\u00e4minen on toimintaa, joka tapahtuu t\u00e4ysin luonnon ehdoilla. Siksi ymp\u00e4rist\u00f6st\u00e4 huolehtiminen on meille hyvin t\u00e4rke\u00e4\u00e4. Yhteisty\u00f6mme Italian WWF:n kanssa oli merkitt\u00e4v\u00e4 askel pyrkimyksess\u00e4mme vastuullisempiin tuotteisiin. Se ei ollut pelk\u00e4st\u00e4\u00e4n taloudellisten etujemme mukaista, vaan seurausta arvoistamme.&nbsp;&nbsp;<\/p>\n\n\n\n<p>Seuraavana vaiheena on pit\u00e4\u00e4 huolta tomaattiviljelmi\u00e4mme ymp\u00e4r\u00f6iv\u00e4st\u00e4 biodiversiteetist\u00e4. T\u00e4m\u00e4 artikkeli kertoo kauniin luontomme arvostamisesta ja s\u00e4ilytt\u00e4misest\u00e4 tuleville sukupolville.<\/p>\n\n\n<\/div><\/div>\n\n\n\n<div class=\"wp-block-media-text alignwide is-stacked-on-mobile\"><figure class=\"wp-block-media-text__media\"><img loading=\"lazy\" decoding=\"async\" src=\"https:\/\/mutti-parma.com\/app\/uploads\/sites\/3\/2019\/09\/history-2010.jpg\" alt=\"\" class=\"wp-image-300000120\" sizes=\"(max-width: 600px) 100vw, (min-width: 1440px) 792px,55vw\" data-spai-crop=\"false\" srcset=\"https:\/\/mutti-parma.com\/app\/uploads\/sites\/3\/2019\/09\/history-2010.jpg 766w, https:\/\/mutti-parma.com\/app\/uploads\/sites\/3\/2019\/09\/history-2010-200x148.jpg 200w, https:\/\/mutti-parma.com\/app\/uploads\/sites\/3\/2019\/09\/history-2010-500x369.jpg 500w, https:\/\/mutti-parma.com\/app\/uploads\/sites\/3\/2019\/09\/history-2010-150x111.jpg 150w, https:\/\/mutti-parma.com\/app\/uploads\/sites\/3\/2019\/09\/history-2010-600x443.jpg 600w\" \/><\/figure><div class=\"wp-block-media-text__content\">\n<h3 class=\"is-style-default wp-block-heading\"><strong>Tulevaisuuden vaaliminen<\/strong><\/h3>\n\n\n\n<p>Italian luonto lukeutuu Euroopan monimuotoisimpiin sek\u00e4 el\u00e4in- ja kasvilajien m\u00e4\u00e4r\u00e4n ett\u00e4 kotoper\u00e4isten lajien suuren osuuden perusteella.<\/p>\n\n\n\n<p>T\u00e4m\u00e4 hieno perint\u00f6 on seurausta maallemme tyypillisist\u00e4 litografisista, topografisista ja ilmastollisista eroista, sen paleomaantieteellisest\u00e4 ja paleoklimatologisesta historiasta sek\u00e4 sijainnista keskell\u00e4 V\u00e4limeren aluetta, joka on maailman biodiversiteetilt\u00e4\u00e4n ja endemialtaan vaihtelevimpia alueita \u2013 mutta ihmisten toiminnan uhkaama.<\/p>\n\n\n\n<p>My\u00f6s Italian sis\u00e4ll\u00e4 on t\u00e4rkeit\u00e4 alueita, joiden biodiversiteetti on suuri. T\u00e4h\u00e4n perint\u00f6\u00f6n kohdistuu kuitenkin vakava uhka, ja lukuisat lajit ja ekosysteemit ovat vaarassa h\u00e4vit\u00e4 peruuttamattomasti luontaisten elinymp\u00e4rist\u00f6jen h\u00e4vitess\u00e4.<\/p>\n\n\n\n<p>Kaupungistuminen ja tienrakennus synnytt\u00e4v\u00e4t alueita, joiden maatalousk\u00e4ytt\u00f6 ei maatalouden mekanisointitarpeen vuoksi olisi kannattavaa. T\u00e4m\u00e4 tarjoaa kuitenkin mahdollisuuksia luonnontilan palauttamiseen valtion omistamille alueille, mik\u00e4 edist\u00e4\u00e4 viheralueiden ja reuna-alueet yhdist\u00e4vien k\u00e4yt\u00e4vien luomista. Hylk\u00e4\u00e4misen sijasta alueet voidaan siis ottaa uudelleen k\u00e4ytt\u00f6\u00f6n.<\/p>\n<\/div><\/div>\n\n\n\n<div class=\"wp-block-columns alignwide is-style-gutterless is-layout-flex wp-container-core-columns-is-layout-9d6595d7 wp-block-columns-is-layout-flex\">\n<div class=\"wp-block-column is-vertically-aligned-top is-layout-flow wp-block-column-is-layout-flow\" style=\"flex-basis:50%\">\n<div class=\"wp-block-group alignwide has-darkred-background-color has-background\"><div class=\"wp-block-group__inner-container is-layout-flow wp-block-group-is-layout-flow\">\n<h2 class=\"wp-block-heading\"><strong>Luonnon monimuotoisuushanke<\/strong><\/h2>\n\n\n\n<hr class=\"wp-block-separator\"\/>\n\n\n\n<p>Biologista monimuotoisuutta edist\u00e4v\u00e4 hankkeemme on uusi osa yhteisty\u00f6t\u00e4mme Italian WWF:n kanssa, joka alkoi vuonna 2010 pyrkimyksell\u00e4 vedenkulutuksemme ja koko toimitusketjumme hiilidioksidip\u00e4\u00e4st\u00f6jen v\u00e4hent\u00e4miseen. Onnistuimme pienent\u00e4m\u00e4\u00e4n vedenkulutusta 4,6 prosenttia (vuonna 2016 verrattuna vuoteen 2011) ja hiilidioksidip\u00e4\u00e4st\u00f6j\u00e4 27&nbsp;prosenttia tuoteyksikk\u00f6\u00e4 kohden (vuonna 2015 verrattuna vuoteen 2009). Vedenkulutuksen rajoittamiseen t\u00e4ht\u00e4\u00e4v\u00e4 hanke on saanut luonnollista jatkoa hankkeesta, jossa viljelij\u00f6ille tarjotaan hy\u00f6dyllisi\u00e4 v\u00e4lineit\u00e4 toimitusketjun ymp\u00e4rist\u00f6vastuullisuuden lis\u00e4\u00e4miseksi, kuten Pomodoro.net-verkkosivusto.<\/p>\n\n\n\n<p>Vuonna 2020 viljelij\u00e4mme alkoivat tarkkailla haarap\u00e4\u00e4skyjen ja r\u00e4yst\u00e4sp\u00e4\u00e4skyjen lukum\u00e4\u00e4r\u00e4\u00e4 ja pesi\u00e4 k\u00e4ytt\u00e4j\u00e4osallistumiseen tarkoitetun csmon-life.eu-verkkosivuston kautta. Lent\u00e4vien lintujen elinalueet ovat hyvin suuria, joten ne ovat hyvi\u00e4 ymp\u00e4rist\u00f6n laadun mittareita. Yksinkertaisesti sanottuna linnut eiv\u00e4t ole t\u00e4rkeit\u00e4 vain lajeina, vaan my\u00f6s koska ne ihmisten tavoin kaipaavat puhdasta ja terveellist\u00e4 ymp\u00e4rist\u00f6\u00e4.<\/p>\n<\/div><\/div>\n<\/div>\n\n\n\n<div class=\"wp-block-column is-layout-flow wp-block-column-is-layout-flow\" style=\"flex-basis:50%\">\n<div class=\"wp-block-group has-darkred-background-color has-background\"><div class=\"wp-block-group__inner-container is-layout-flow wp-block-group-is-layout-flow\">\n<p>Yhteisty\u00f6ss\u00e4 WWF:n kanssa olemme my\u00f6s laatineet k\u00e4sikirjan, jossa esitell\u00e4\u00e4n hyvi\u00e4 k\u00e4yt\u00e4nteit\u00e4 maaseudun biologisen monimuotoisuuden ennallistamiseksi. Kirja on ensisijaisesti vaiheittainen opas maanviljelyyn tavalla, jota naapuriston linnut arvostavat! Kuvitettu k\u00e4sikirja luovutettiin aloitteen edist\u00e4miseksi Muttin Pomodorino d&#8217;Oro -kilpailuun vuonna 2018 osallistuneille tuottajille.<\/p>\n\n\n\n<p>T\u00e4ll\u00e4 hetkell\u00e4 ty\u00f6skentelemme esimerkiksi Km Verde (vihre\u00e4t kilometrit) -nimisess\u00e4 hankkeessa yhteisty\u00f6ss\u00e4 muun muassa pisalaisen Sant&#8217;Anna-lukion kanssa. Tarkoituksena on ker\u00e4t\u00e4 n\u00e4kemyksi\u00e4 ja tutkia mahdollisuuksia toteuttaa luonnon ennallistaminen, jossa istutettaisiin uutta mets\u00e4\u00e4 10 kilometrin matkalle A1-moottoritien varrelle Parman ulosajov\u00e4yl\u00e4n kohdalle.<\/p>\n\n\n\n<p>My\u00f6s toinen luonnon ennallistamisprojektimme Mille Querce (tuhat tammea) on edistynyt pitk\u00e4lle. Siin\u00e4 on kyse kilometrin pituisen pesimisalueen perustamisesta punajalkahaukalle, 2,6 kilometrin pituisen ekologisen k\u00e4yt\u00e4v\u00e4n luomisesta Lomo-joen varrelle ja tasankomets\u00e4n istuttamisesta hehtaarin alueelle Parman provinssissa sijaitsevaan Sissa Trecasalin kuntaan.<\/p>\n<\/div><\/div>\n<\/div>\n<\/div>\n\n\n\n<div class=\"wp-block-media-text alignwide has-media-on-the-right is-stacked-on-mobile\" style=\"grid-template-columns:auto 48%\"><figure class=\"wp-block-media-text__media\"><img loading=\"lazy\" decoding=\"async\" width=\"631\" height=\"423\" src=\"https:\/\/mutti-parma.com\/app\/uploads\/sites\/8\/2021\/01\/asset-6-1.jpg\" alt=\"h\u00f8st af tomater\" class=\"wp-image-5327\" sizes=\"(max-width: 600px) 100vw, (min-width: 1440px) 691px,48vw\" data-spai-crop=\"false\" srcset=\"https:\/\/mutti-parma.com\/app\/uploads\/sites\/8\/2021\/01\/asset-6-1.jpg 631w, https:\/\/mutti-parma.com\/app\/uploads\/sites\/8\/2021\/01\/asset-6-1-200x134.jpg 200w, https:\/\/mutti-parma.com\/app\/uploads\/sites\/8\/2021\/01\/asset-6-1-500x335.jpg 500w, https:\/\/mutti-parma.com\/app\/uploads\/sites\/8\/2021\/01\/asset-6-1-150x101.jpg 150w, https:\/\/mutti-parma.com\/app\/uploads\/sites\/8\/2021\/01\/asset-6-1-600x402.jpg 600w\" \/><\/figure><div class=\"wp-block-media-text__content\">\n<h3 class=\"is-style-default wp-block-heading\"><strong>Miten hankkeet saivat alkunsa ja mit\u00e4 jatkossa tapahtuu?<\/strong><\/h3>\n\n\n\n<p>Kymmenen vuotta sitten suuri yleis\u00f6 ja viljelij\u00e4t eiv\u00e4t olleet t\u00e4ysin perill\u00e4 veden laadun ja biodiversiteetin s\u00e4ilytt\u00e4misen t\u00e4rkeydest\u00e4 tai ilmastonmuutoksen seurauksista. Kuten kaikki tiet\u00e4v\u00e4t, parannus l\u00e4htee aina liikkeelle ongelman tiedostamisesta. Siksi p\u00e4\u00e4timme panostaa tietoisuuden lis\u00e4\u00e4miseen n\u00e4ist\u00e4 kysymyksist\u00e4 ja ottaa k\u00e4ytt\u00f6\u00f6n selke\u00e4t toimintasuunnitelmat aloitteiden seurantaan.<\/p>\n\n\n\n<p>Mille Quercen tapaisia ennallistamisprojekteja halutaan panna alulle my\u00f6s hy\u00f6dynt\u00e4m\u00e4ll\u00e4 julkisia varoja ekologisten k\u00e4yt\u00e4vien s\u00e4ilytt\u00e4miseen tai palauttamiseen vesist\u00f6jen varsille, vedensuojelun puskurialueiden luomiseen suojaksi ep\u00e4suorista l\u00e4hteist\u00e4 per\u00e4isin olevia saasteita vastaan ja kasvien istuttamiseen reuna-alueille.<\/p>\n\n\n\n<p>Uskomme, ett\u00e4 p\u00e4ivitt\u00e4isill\u00e4 valinnoillamme on vaikutusta ymp\u00e4rist\u00f6\u00f6mme. K\u00e4ynnistimme n\u00e4m\u00e4 hankkeet varmistaaksemme, ett\u00e4 my\u00f6s lapsemme ja lapsenlapsemme saavat kokea luonnon rikkauden.&nbsp;<\/p>\n<\/div><\/div>\n\n\n<div class=\"acf-article-listing alignwide \">\n      <h2 class=\"text-center\">Lue lis\u00e4\u00e4 aiheesta vastuullisuus<\/h2>\n  \n      <div class=\"flex flex-wrap justify-center -mx-8\">\n              <div class=\"w-1\/3 my-4 px-8\">\n          <div class=\"max-w-96 mx-auto\">\n  \n  <div class=\"flex h5\">\n    <div>\n      January 24, 2025\n    <\/div>\n      <\/div>\n\n  <a class=\"block no-underline mb-2 hover:underline\" href=\"https:\/\/mutti-parma.com\/fi\/all-articles\/when-you-love-someone-complete-the-sentence\/\">\n    <h3>WHEN YOU LOVE SOMEONE\u2026 COMPLETE THE SENTENCE!<\/h3>\n  <\/a>\n\n  <a class=\"block h5 underline\" href=\"https:\/\/mutti-parma.com\/fi\/all-articles\/when-you-love-someone-complete-the-sentence\/\">\n    Lue lis\u00e4\u00e4\n  <\/a>\n<\/div>\n        <\/div>\n              <div class=\"w-1\/3 my-4 px-8\">\n          <div class=\"max-w-96 mx-auto\">\n  \n  <div class=\"flex h5\">\n    <div>\n      February 25, 2021\n    <\/div>\n      <\/div>\n\n  <a class=\"block no-underline mb-2 hover:underline\" href=\"https:\/\/mutti-parma.com\/fi\/all-articles\/kilpailun-ehdot-ja-saannot\/\">\n    <h3>Kilpailun ehdot &#038; s\u00e4\u00e4nn\u00f6t<\/h3>\n  <\/a>\n\n  <a class=\"block h5 underline\" href=\"https:\/\/mutti-parma.com\/fi\/all-articles\/kilpailun-ehdot-ja-saannot\/\">\n    Lue lis\u00e4\u00e4\n  <\/a>\n<\/div>\n        <\/div>\n              <div class=\"w-1\/3 my-4 px-8\">\n          <div class=\"max-w-96 mx-auto\">\n      <a href=\"https:\/\/mutti-parma.com\/fi\/all-articles\/miten-ilmastonmuutos-vaikuttaa-tomaatin-viljelyyn\/\" class=\"block\">\n      <div class=\"responsive-embed \" style=\"padding-bottom: 67.567567567568%;\"><img decoding=\"async\" width=\"796\" height=\"644\" src=\"https:\/\/mutti-parma.com\/app\/uploads\/sites\/8\/2021\/01\/asset-1-1.jpg\" class=\"inline-block wp-image-5331\" alt=\"Ilmastonmuutos viljelyss\u00e4\" data-spai-crop=\"true\" title=\"Ilmastonmuutos viljelyss\u00e4\" srcset=\"https:\/\/mutti-parma.com\/app\/uploads\/sites\/8\/2021\/01\/asset-1-1.jpg 796w, https:\/\/mutti-parma.com\/app\/uploads\/sites\/8\/2021\/01\/asset-1-1-200x162.jpg 200w, https:\/\/mutti-parma.com\/app\/uploads\/sites\/8\/2021\/01\/asset-1-1-500x405.jpg 500w, https:\/\/mutti-parma.com\/app\/uploads\/sites\/8\/2021\/01\/asset-1-1-768x621.jpg 768w, https:\/\/mutti-parma.com\/app\/uploads\/sites\/8\/2021\/01\/asset-1-1-150x121.jpg 150w, https:\/\/mutti-parma.com\/app\/uploads\/sites\/8\/2021\/01\/asset-1-1-600x485.jpg 600w\" sizes=\"auto, (max-width: 796px) 100vw, 796px\" loading=\"lazy\" \/><\/div>\n    <\/a>\n  \n  <div class=\"flex h5\">\n    <div>\n      February 19, 2021\n    <\/div>\n          <div class=\"border-r border-primary pr-3 mr-3 mb-1\"><\/div>\n      <div class=\"\">\n                  <a href=\"https:\/\/mutti-parma.com\/fi\/tag\/kestavyys\/\">#kest\u00e4vyys<\/a>\n              <\/div>\n      <\/div>\n\n  <a class=\"block no-underline mb-2 hover:underline\" href=\"https:\/\/mutti-parma.com\/fi\/all-articles\/miten-ilmastonmuutos-vaikuttaa-tomaatin-viljelyyn\/\">\n    <h3>Ilmastonmuutos viljelyss\u00e4<\/h3>\n  <\/a>\n\n  <a class=\"block h5 underline\" href=\"https:\/\/mutti-parma.com\/fi\/all-articles\/miten-ilmastonmuutos-vaikuttaa-tomaatin-viljelyyn\/\">\n    Lue lis\u00e4\u00e4\n  <\/a>\n<\/div>\n        <\/div>\n              <div class=\"w-1\/3 my-4 px-8\">\n          <div class=\"max-w-96 mx-auto\">\n      <a href=\"https:\/\/mutti-parma.com\/fi\/all-articles\/luonnon-monimuotoisuuden-kunnioittaminen-suojelee-elamaa\/\" class=\"block\">\n      <div class=\"responsive-embed \" style=\"padding-bottom: 67.567567567568%;\"><img decoding=\"async\" width=\"796\" height=\"644\" src=\"https:\/\/mutti-parma.com\/app\/uploads\/sites\/8\/2021\/01\/asset-2-4.jpg\" class=\"inline-block wp-image-5313\" alt=\"Luonnon monimuotoisuus\" data-spai-crop=\"true\" title=\"Luonnon monimuotoisuus\" srcset=\"https:\/\/mutti-parma.com\/app\/uploads\/sites\/8\/2021\/01\/asset-2-4.jpg 796w, https:\/\/mutti-parma.com\/app\/uploads\/sites\/8\/2021\/01\/asset-2-4-200x162.jpg 200w, https:\/\/mutti-parma.com\/app\/uploads\/sites\/8\/2021\/01\/asset-2-4-500x405.jpg 500w, https:\/\/mutti-parma.com\/app\/uploads\/sites\/8\/2021\/01\/asset-2-4-768x621.jpg 768w, https:\/\/mutti-parma.com\/app\/uploads\/sites\/8\/2021\/01\/asset-2-4-150x121.jpg 150w, https:\/\/mutti-parma.com\/app\/uploads\/sites\/8\/2021\/01\/asset-2-4-600x485.jpg 600w\" sizes=\"auto, (max-width: 796px) 100vw, 796px\" loading=\"lazy\" \/><\/div>\n    <\/a>\n  \n  <div class=\"flex h5\">\n    <div>\n      February 19, 2021\n    <\/div>\n          <div class=\"border-r border-primary pr-3 mr-3 mb-1\"><\/div>\n      <div class=\"\">\n                  <a href=\"https:\/\/mutti-parma.com\/fi\/tag\/kestavyys\/\">#kest\u00e4vyys<\/a>\n              <\/div>\n      <\/div>\n\n  <a class=\"block no-underline mb-2 hover:underline\" href=\"https:\/\/mutti-parma.com\/fi\/all-articles\/luonnon-monimuotoisuuden-kunnioittaminen-suojelee-elamaa\/\">\n    <h3>Luonnon monimuotoisuus<\/h3>\n  <\/a>\n\n  <a class=\"block h5 underline\" href=\"https:\/\/mutti-parma.com\/fi\/all-articles\/luonnon-monimuotoisuuden-kunnioittaminen-suojelee-elamaa\/\">\n    Lue lis\u00e4\u00e4\n  <\/a>\n<\/div>\n        <\/div>\n              <div class=\"w-1\/3 my-4 px-8\">\n          <div class=\"max-w-96 mx-auto\">\n      <a href=\"https:\/\/mutti-parma.com\/fi\/all-articles\/muttin-laatupalkinto-pomodorino-doro\/\" class=\"block\">\n      <div class=\"responsive-embed \" style=\"padding-bottom: 67.567567567568%;\"><img decoding=\"async\" width=\"796\" height=\"644\" src=\"https:\/\/mutti-parma.com\/app\/uploads\/sites\/8\/2021\/01\/asset-3-1.jpg\" class=\"inline-block wp-image-5298\" alt=\"Pomodorino Doro\" data-spai-crop=\"true\" title=\"Pomodorino Doro\" srcset=\"https:\/\/mutti-parma.com\/app\/uploads\/sites\/8\/2021\/01\/asset-3-1.jpg 796w, https:\/\/mutti-parma.com\/app\/uploads\/sites\/8\/2021\/01\/asset-3-1-200x162.jpg 200w, https:\/\/mutti-parma.com\/app\/uploads\/sites\/8\/2021\/01\/asset-3-1-500x405.jpg 500w, https:\/\/mutti-parma.com\/app\/uploads\/sites\/8\/2021\/01\/asset-3-1-768x621.jpg 768w, https:\/\/mutti-parma.com\/app\/uploads\/sites\/8\/2021\/01\/asset-3-1-150x121.jpg 150w, https:\/\/mutti-parma.com\/app\/uploads\/sites\/8\/2021\/01\/asset-3-1-600x485.jpg 600w\" sizes=\"auto, (max-width: 796px) 100vw, 796px\" loading=\"lazy\" \/><\/div>\n    <\/a>\n  \n  <div class=\"flex h5\">\n    <div>\n      February 19, 2021\n    <\/div>\n          <div class=\"border-r border-primary pr-3 mr-3 mb-1\"><\/div>\n      <div class=\"\">\n                  <a href=\"https:\/\/mutti-parma.com\/fi\/tag\/kunnioitus\/\">#kunnioitus<\/a>, \n                  <a href=\"https:\/\/mutti-parma.com\/fi\/tag\/laatu\/\">#laatu<\/a>\n              <\/div>\n      <\/div>\n\n  <a class=\"block no-underline mb-2 hover:underline\" href=\"https:\/\/mutti-parma.com\/fi\/all-articles\/muttin-laatupalkinto-pomodorino-doro\/\">\n    <h3>Pomodorino Doro<\/h3>\n  <\/a>\n\n  <a class=\"block h5 underline\" href=\"https:\/\/mutti-parma.com\/fi\/all-articles\/muttin-laatupalkinto-pomodorino-doro\/\">\n    Lue lis\u00e4\u00e4\n  <\/a>\n<\/div>\n        <\/div>\n              <div class=\"w-1\/3 my-4 px-8\">\n          <div class=\"max-w-96 mx-auto\">\n      <a href=\"https:\/\/mutti-parma.com\/fi\/all-articles\/mekaanisen-sadonkorjuun-idea\/\" class=\"block\">\n      <div class=\"responsive-embed \" style=\"padding-bottom: 67.567567567568%;\"><img decoding=\"async\" width=\"796\" height=\"644\" src=\"https:\/\/mutti-parma.com\/app\/uploads\/sites\/8\/2021\/01\/asset-1.jpg\" class=\"inline-block wp-image-5258\" alt=\"Mekaaninen sadonkorjuu\" data-spai-crop=\"true\" title=\"Mekaaninen sadonkorjuu\" srcset=\"https:\/\/mutti-parma.com\/app\/uploads\/sites\/8\/2021\/01\/asset-1.jpg 796w, https:\/\/mutti-parma.com\/app\/uploads\/sites\/8\/2021\/01\/asset-1-200x162.jpg 200w, https:\/\/mutti-parma.com\/app\/uploads\/sites\/8\/2021\/01\/asset-1-500x405.jpg 500w, https:\/\/mutti-parma.com\/app\/uploads\/sites\/8\/2021\/01\/asset-1-768x621.jpg 768w, https:\/\/mutti-parma.com\/app\/uploads\/sites\/8\/2021\/01\/asset-1-150x121.jpg 150w, https:\/\/mutti-parma.com\/app\/uploads\/sites\/8\/2021\/01\/asset-1-600x485.jpg 600w\" sizes=\"auto, (max-width: 796px) 100vw, 796px\" loading=\"lazy\" \/><\/div>\n    <\/a>\n  \n  <div class=\"flex h5\">\n    <div>\n      February 19, 2021\n    <\/div>\n          <div class=\"border-r border-primary pr-3 mr-3 mb-1\"><\/div>\n      <div class=\"\">\n                  <a href=\"https:\/\/mutti-parma.com\/fi\/tag\/kunnioitus\/\">#kunnioitus<\/a>\n              <\/div>\n      <\/div>\n\n  <a class=\"block no-underline mb-2 hover:underline\" href=\"https:\/\/mutti-parma.com\/fi\/all-articles\/mekaanisen-sadonkorjuun-idea\/\">\n    <h3>Mekaaninen sadonkorjuu<\/h3>\n  <\/a>\n\n  <a class=\"block h5 underline\" href=\"https:\/\/mutti-parma.com\/fi\/all-articles\/mekaanisen-sadonkorjuun-idea\/\">\n    Lue lis\u00e4\u00e4\n  <\/a>\n<\/div>\n        <\/div>\n          <\/div>\n  \n      <hr class=\"wp-block-separator alignwide\">\n\n    <div class=\"text-center\">\n      <a class=\"btn large\" href=\"https:\/\/mutti-parma.com\/fi\/all-articles\/\">Lue kaikki artikkelit Muttin toiminnasta ja vastuullisuudesta<\/a>\n    <\/div>\n  <\/div>\n\n\n\n<div class=\"wp-block-cover alignfull has-darkred-background-color has-background-dim has-background-dim-NaN\"><div class=\"wp-block-cover__inner-container is-layout-flow wp-block-cover-is-layout-flow\">\n<h3 class=\"has-white-color has-text-align-center wp-block-heading\"><a href=\"https:\/\/mutti-parma.com\/fi\/pitka-rakkaustarina\/meidan-tapamme-toimia\/\">Palaa Lukemaan arvoistamme<\/a><\/h3>\n<\/div><\/div>\n","protected":false},"excerpt":{"rendered":"<p>Tulevaisuuden vaaliminen Italian luonto lukeutuu Euroopan monimuotoisimpiin sek\u00e4 el\u00e4in- ja kasvilajien m\u00e4\u00e4r\u00e4n ett\u00e4 kotoper\u00e4isten lajien suuren osuuden perusteella. T\u00e4m\u00e4 hieno perint\u00f6 on seurausta maallemme tyypillisist\u00e4 litografisista, topografisista ja ilmastollisista eroista, sen paleomaantieteellisest\u00e4 ja paleoklimatologisesta historiasta sek\u00e4 sijainnista keskell\u00e4 V\u00e4limeren aluetta, joka on maailman biodiversiteetilt\u00e4\u00e4n ja endemialtaan vaihtelevimpia alueita \u2013 mutta ihmisten toiminnan uhkaama. My\u00f6s Italian<\/p>\n","protected":false},"featured_media":5313,"template":"","tags":[944],"class_list":["post-5841","article","type-article","status-publish","has-post-thumbnail","hentry","tag-kestavyys"],"acf":[],"_links":{"self":[{"href":"https:\/\/mutti-parma.com\/fi\/wp-json\/wp\/v2\/article\/5841","targetHints":{"allow":["GET"]}}],"collection":[{"href":"https:\/\/mutti-parma.com\/fi\/wp-json\/wp\/v2\/article"}],"about":[{"href":"https:\/\/mutti-parma.com\/fi\/wp-json\/wp\/v2\/types\/article"}],"version-history":[{"count":14,"href":"https:\/\/mutti-parma.com\/fi\/wp-json\/wp\/v2\/article\/5841\/revisions"}],"predecessor-version":[{"id":9016,"href":"https:\/\/mutti-parma.com\/fi\/wp-json\/wp\/v2\/article\/5841\/revisions\/9016"}],"wp:featuredmedia":[{"embeddable":true,"href":"https:\/\/mutti-parma.com\/fi\/wp-json\/wp\/v2\/media\/5313"}],"wp:attachment":[{"href":"https:\/\/mutti-parma.com\/fi\/wp-json\/wp\/v2\/media?parent=5841"}],"wp:term":[{"taxonomy":"post_tag","embeddable":true,"href":"https:\/\/mutti-parma.com\/fi\/wp-json\/wp\/v2\/tags?post=5841"}],"curies":[{"name":"wp","href":"https:\/\/api.w.org\/{rel}","templated":true}]}}