{"id":16601,"date":"2022-08-01T08:00:00","date_gmt":"2022-08-01T08:00:00","guid":{"rendered":"https:\/\/mutti-parma.com\/fr\/?p=16601"},"modified":"2022-08-02T11:05:06","modified_gmt":"2022-08-02T11:05:06","slug":"la-saison-des-pique-niques-et-barbecue-avec-les-tomates-mutti","status":"publish","type":"post","link":"https:\/\/mutti-parma.com\/fr\/la-saison-des-pique-niques-et-barbecue-avec-les-tomates-mutti\/","title":{"rendered":"La saison des pique-niques et barbecue avec les tomates Mutti"},"content":{"rendered":"\n<div class=\"wp-block-media-text alignwide has-media-on-the-right is-stacked-on-mobile is-image-fill is-style-default\" style=\"grid-template-columns:auto 51%\"><figure class=\"wp-block-media-text__media\" style=\"background-image:url(https:\/\/mutti-parma.com\/app\/uploads\/sites\/17\/2022\/06\/la-saison-des-piques-niques-et-bbq.jpg);background-position:39% 49%\"><img loading=\"lazy\" decoding=\"async\" width=\"924\" height=\"714\" src=\"https:\/\/mutti-parma.com\/app\/uploads\/sites\/17\/2022\/06\/la-saison-des-piques-niques-et-bbq.jpg\" alt=\"\" class=\"wp-image-16613 size-full\" srcset=\"https:\/\/mutti-parma.com\/app\/uploads\/sites\/17\/2022\/06\/la-saison-des-piques-niques-et-bbq.jpg 924w, https:\/\/mutti-parma.com\/app\/uploads\/sites\/17\/2022\/06\/la-saison-des-piques-niques-et-bbq-500x386.jpg 500w, https:\/\/mutti-parma.com\/app\/uploads\/sites\/17\/2022\/06\/la-saison-des-piques-niques-et-bbq-200x155.jpg 200w, https:\/\/mutti-parma.com\/app\/uploads\/sites\/17\/2022\/06\/la-saison-des-piques-niques-et-bbq-768x593.jpg 768w, https:\/\/mutti-parma.com\/app\/uploads\/sites\/17\/2022\/06\/la-saison-des-piques-niques-et-bbq-150x116.jpg 150w, https:\/\/mutti-parma.com\/app\/uploads\/sites\/17\/2022\/06\/la-saison-des-piques-niques-et-bbq-600x464.jpg 600w\" sizes=\"(max-width: 924px) 100vw, 924px\" \/><\/figure><div class=\"wp-block-media-text__content\"><div class=\"acf-breadcrumb my-4 md:my-8 text-center md:text-left\">\n  <nav>\n  <ol class=\"list-none text-md\">\n                  <li class=\"inline\">\n                      <a class=\"text-inherit\" href=\"https:\/\/mutti-parma.com\/fr\/\">\n              Accueil\n            <\/a>\n                            <\/li>\n            <\/ol>\n<\/nav>\n<\/div>\n\n\n\n<h1 class=\"wp-block-heading\"><strong><strong><strong><strong>La saison des pique-niques et barbecue avec les tomates Mutti<\/strong><\/strong><\/strong><\/strong><\/h1>\n\n\n<div class=\"acf-post-meta my-4 text-right\">\n      <p class=\"h4\">01\/08\/2022<\/p>\n  \n      <p class=\"h4\">\n      Cat\u00e9gorie :\n              <a href=\"https:\/\/mutti-parma.com\/fr\/category\/actualites\/\">Actualit\u00e9s<\/a>\n          <\/p>\n    \n  <div class=\"my-6 flex justify-center sm:justify-end\">\n          <div\n  class=\"shariff\"\n  data-button-style=\"icon\"\n  data-mail-body=\"https:\/\/mutti-parma.com\/fr\/la-saison-des-pique-niques-et-barbecue-avec-les-tomates-mutti\/\"\n  data-mail-subject=\"La saison des pique-niques et barbecue avec les tomates Mutti - Mutti\"\n  data-mail-url=\"mailto:\"\n  data-media-url=\"https:\/\/mutti-parma.com\/app\/uploads\/sites\/17\/2022\/06\/la-saison-des-piques-niques-et-bbq.jpg\"\n  data-services=\"[&#039;facebook&#039;, &#039;twitter&#039;, &#039;whatsapp&#039;, &#039;pinterest&#039;, &#039;mail&#039;]\"\n><\/div>\n      <\/div>\n<\/div>\n\n\n\n<p>Par une belle journ\u00e9e d\u2019\u00e9t\u00e9, qu\u2019y a t\u2019il de mieux que de d\u00e9jeuner ou d\u00eener en plein air ? L&rsquo;\u00e9t\u00e9 est la saison des pique-niques et des barbecues, o\u00f9 l\u2019on s&rsquo;attable en famille ou entre amis, avec de d\u00e9licieuses grillades et salades maison ! D\u00e9couvrez quelques-unes de nos recettes \u00e0 base de tomates qui se pr\u00eateront \u00e0 merveille pour cette saison !<\/p>\n<\/div><\/div>\n\n\n\n<div class=\"wp-block-media-text alignwide is-stacked-on-mobile is-image-fill is-style-default has-black-color has-beige-background-color has-text-color has-background\" style=\"grid-template-columns:49% auto\"><figure class=\"wp-block-media-text__media\" style=\"background-image:url(https:\/\/mutti-parma.com\/app\/uploads\/sites\/17\/2021\/06\/salade-de-pates-italienne-844x1024.jpg);background-position:50% 50%\"><img loading=\"lazy\" decoding=\"async\" width=\"844\" height=\"1024\" src=\"https:\/\/mutti-parma.com\/app\/uploads\/sites\/17\/2021\/06\/salade-de-pates-italienne-844x1024.jpg\" alt=\"Salade de pates italienne simone zanoni\" class=\"wp-image-13727 size-large wpsmartcrop-image\" srcset=\"https:\/\/mutti-parma.com\/app\/uploads\/sites\/17\/2021\/06\/salade-de-pates-italienne-844x1024.jpg 844w, https:\/\/mutti-parma.com\/app\/uploads\/sites\/17\/2021\/06\/salade-de-pates-italienne-412x500.jpg 412w, https:\/\/mutti-parma.com\/app\/uploads\/sites\/17\/2021\/06\/salade-de-pates-italienne-165x200.jpg 165w, https:\/\/mutti-parma.com\/app\/uploads\/sites\/17\/2021\/06\/salade-de-pates-italienne-768x932.jpg 768w, https:\/\/mutti-parma.com\/app\/uploads\/sites\/17\/2021\/06\/salade-de-pates-italienne-150x182.jpg 150w, https:\/\/mutti-parma.com\/app\/uploads\/sites\/17\/2021\/06\/salade-de-pates-italienne-600x728.jpg 600w, https:\/\/mutti-parma.com\/app\/uploads\/sites\/17\/2021\/06\/salade-de-pates-italienne-1266x1536.jpg 1266w, https:\/\/mutti-parma.com\/app\/uploads\/sites\/17\/2021\/06\/salade-de-pates-italienne-1688x2048.jpg 1688w, https:\/\/mutti-parma.com\/app\/uploads\/sites\/17\/2021\/06\/salade-de-pates-italienne.jpg 2000w\" sizes=\"(max-width: 844px) 100vw, 844px\" data-smartcrop-focus=\"[49,65]\" \/><\/figure><div class=\"wp-block-media-text__content\">\n<h2 class=\"has-text-align-left is-style-default has-primary-color has-text-color wp-block-heading\"><strong><strong><strong><strong><strong><strong>Un repas en plein air<\/strong><\/strong><\/strong><\/strong><\/strong><\/strong><\/h2>\n\n\n\n<p>C&rsquo;est la saison des grillades et des salades ! Enfin le temps chaud est \u00e0 nos portes et avec lui, le parfum du barbecue dans l&rsquo;air. Que vous aimiez pique-niquer dans le parc avec votre famille ou faire un barbecue dans votre jardin avec vos amis, notre s\u00e9lection de recettes vous aidera \u00e0 passer un moment tout aussi gourmand que convivial ! Bousculez un peu votre menu et surprenez votre famille et vos invit\u00e9s !&nbsp;<\/p>\n\n\n\n<p class=\"is-style-cursive has-primary-color has-text-color\">Comment joindre l&rsquo;utile \u00e0 l&rsquo;agr\u00e9able ?<\/p>\n\n\n\n<p>Le pique-nique est un moment convivial, alors pourquoi ne pas privil\u00e9gier les plats partag\u00e9s ? Tartes \u00e0 la tomates, quiches et pourquoi ne pas r\u00e9aliser des pizzas au barbecue ? Entiers ou coup\u00e9s en tranches, ces plats sont faciles \u00e0 transporter, se mangent facilement et sont toujours aussi savoureux ti\u00e8des ou froids, sans oublier qu&rsquo;ils plaisent aux petits comme aux grands !<\/p>\n\n\n\n<p>L&rsquo;\u00e9t\u00e9, la tomate est la star de vos meilleures assiettes ! Utiles dans vos recettes ap\u00e9ritives, salades, tartes et compagne incontournable de vos grillades, la tomate se d\u00e9guste sous toutes ses formes : de la tomate cerise au ketchup ! Pour vous inspirer dans la r\u00e9alisation de vos recettes, parcourez notre gamme de produits Mutti !<\/p>\n\n\n\n<div class=\"wp-block-buttons is-layout-flex wp-block-buttons-is-layout-flex\">\n<div class=\"wp-block-button is-style-large-button\"><a class=\"wp-block-button__link has-white-color has-text-color\" href=\"https:\/\/mutti-parma.com\/fr\/produits\/\">D\u00e9couvrir nos produits<\/a><\/div>\n<\/div>\n<\/div><\/div>\n\n\n\n<h1 class=\"alignwide has-text-align-center is-style-cursive has-white-color has-darkred-background-color has-text-color has-background has-xxl-font-size wp-block-heading\">Notre s\u00e9lection de recettes d&rsquo;\u00e9t\u00e9 pour vos pique-niques et barbecue !<\/h1>\n\n\n\n<p class=\"has-text-align-center\">Un bon repas d\u2019\u00e9t\u00e9 r\u00e9ussi devrait toujours \u00eatre compos\u00e9 d\u2019aliments grill\u00e9s combin\u00e9s \u00e0 des aliments \u00e0 consommer frais, r\u00e9alis\u00e9s \u00e0 l\u2019aide de produits de saison ! Vous \u00eates \u00e0 la recherche de recettes simples aux inspirations m\u00e9diterran\u00e9ennes ? Piochez parmi nos id\u00e9es de recettes \u00e0 base de tomates pour r\u00e9ussir vos pique-niques et barbecue cet \u00e9t\u00e9 !<\/p>\n\n\n<div class=\"acf-image-grid alignwide\">\n  <div class=\"flex -mx-8 -my-4 md:-mt-8 flex-wrap\">\n          <div class=\" w-1\/1 sm:w-1\/2 md:w-1\/4 px-8 py-4 md:py-8\">\n                  <a href=\"https:\/\/mutti-parma.com\/fr\/nos-recettes\/salade-de-pates-italienne\/\" target=\"\" class=\"hover:zoom-img\">\n        \n                  \n          <div class=\"responsive-embed \" style=\"padding-bottom: 75%;\">\n            <img decoding=\"async\" width=\"800\" height=\"600\" src=\"https:\/\/mutti-parma.com\/app\/uploads\/sites\/17\/2021\/06\/salade-de-pates-italienne-800x600.jpg\" class=\"wp-image-13727\" alt=\"Salade de pates italienne simone zanoni\" data-spai-crop=\"true\" loading=\"lazy\" style=\"object-position: 49% 65%;\" \/>\n          <\/div>\n        \n                  <h5 class=\"text-center underline\">\n            Salade de p\u00e2tes italienne\n                      <\/h5>\n        \n                  <\/a>\n              <\/div>\n          <div class=\" w-1\/1 sm:w-1\/2 md:w-1\/4 px-8 py-4 md:py-8\">\n                  <a href=\"https:\/\/mutti-parma.com\/fr\/nos-recettes\/entreco%cc%82te-grillee-a-la-tomate\/\" target=\"\" class=\"hover:zoom-img\">\n        \n                  \n          <div class=\"responsive-embed \" style=\"padding-bottom: 75%;\">\n            <img decoding=\"async\" width=\"800\" height=\"600\" src=\"https:\/\/mutti-parma.com\/app\/uploads\/sites\/17\/2019\/12\/entrecote-grillexxe-a-la-tomate-800x600.jpg\" class=\"wp-image-2265\" alt=\"\" data-spai-crop=\"true\" loading=\"lazy\" \/>\n          <\/div>\n        \n                  <h5 class=\"text-center underline\">\n            Entrec\u00f4te grill\u00e9e \u00e0 la tomate\n                      <\/h5>\n        \n                  <\/a>\n              <\/div>\n          <div class=\" w-1\/1 sm:w-1\/2 md:w-1\/4 px-8 py-4 md:py-8\">\n                  <a href=\"http:\/\/https:\/\/mutti-parma.com\/fr\/nos-recettes\/pain-bagnat-vegetarien\/Pain bagnat v\u00e9g\u00e9tarien\" target=\"\" class=\"hover:zoom-img\">\n        \n                  \n          <div class=\"responsive-embed \" style=\"padding-bottom: 75%;\">\n            <img decoding=\"async\" width=\"800\" height=\"600\" src=\"https:\/\/mutti-parma.com\/app\/uploads\/sites\/17\/2019\/11\/thumb-464-recipe-cover-desktop-800x600.jpeg\" class=\"wp-image-86\" alt=\"\" data-spai-crop=\"true\" loading=\"lazy\" \/>\n          <\/div>\n        \n                  <h5 class=\"text-center underline\">\n            Pain bagnat v\u00e9g\u00e9tarien\n                      <\/h5>\n        \n                  <\/a>\n              <\/div>\n          <div class=\" w-1\/1 sm:w-1\/2 md:w-1\/4 px-8 py-4 md:py-8\">\n                  <a href=\"https:\/\/mutti-parma.com\/fr\/nos-recettes\/tarte-tatin-a-la-tomate\/\" target=\"\" class=\"hover:zoom-img\">\n        \n                  \n          <div class=\"responsive-embed \" style=\"padding-bottom: 75%;\">\n            <img decoding=\"async\" width=\"800\" height=\"600\" src=\"https:\/\/mutti-parma.com\/app\/uploads\/sites\/17\/2019\/12\/tarte-tatin-aux-tomates-datterini-800x600.jpg\" class=\"wp-image-1760\" alt=\"\" data-spai-crop=\"true\" loading=\"lazy\" \/>\n          <\/div>\n        \n                  <h5 class=\"text-center underline\">\n            Tarte tatin \u00e0 la tomate\n                      <\/h5>\n        \n                  <\/a>\n              <\/div>\n          <div class=\" w-1\/1 sm:w-1\/2 md:w-1\/4 px-8 py-4 md:py-8\">\n                  <a href=\"https:\/\/mutti-parma.com\/fr\/nos-recettes\/bruschettas-au-pain-noir-et-tomates\/\" target=\"\" class=\"hover:zoom-img\">\n        \n                  \n          <div class=\"responsive-embed \" style=\"padding-bottom: 75%;\">\n            <img decoding=\"async\" width=\"800\" height=\"600\" src=\"https:\/\/mutti-parma.com\/app\/uploads\/sites\/17\/2019\/12\/bruschettas-au-pain-noir-et-tomates-800x600.jpg\" class=\"wp-image-1273\" alt=\"\" data-spai-crop=\"true\" loading=\"lazy\" \/>\n          <\/div>\n        \n                  <h5 class=\"text-center underline\">\n            Bruschettas au pain noir et tomates\n                      <\/h5>\n        \n                  <\/a>\n              <\/div>\n          <div class=\" w-1\/1 sm:w-1\/2 md:w-1\/4 px-8 py-4 md:py-8\">\n                  <a href=\"#\" target=\"\" class=\"hover:zoom-img\">\n        \n                  \n          <div class=\"responsive-embed \" style=\"padding-bottom: 75%;\">\n            <img decoding=\"async\" width=\"800\" height=\"600\" src=\"https:\/\/mutti-parma.com\/app\/uploads\/sites\/17\/2022\/06\/gaspacho-de-legumes-estivaux-800x600.jpeg\" class=\"wp-image-16523\" alt=\"\" data-spai-crop=\"true\" loading=\"lazy\" style=\"object-position: 55% 55%;\" \/>\n          <\/div>\n        \n                  <h5 class=\"text-center underline\">\n            Gaspacho de legumes estivaux\n                      <\/h5>\n        \n                  <\/a>\n              <\/div>\n          <div class=\" w-1\/1 sm:w-1\/2 md:w-1\/4 px-8 py-4 md:py-8\">\n                  <a href=\"https:\/\/mutti-parma.com\/fr\/nos-recettes\/salade-de-ble-aux-legumes-grilles\/\" target=\"\" class=\"hover:zoom-img\">\n        \n                  \n          <div class=\"responsive-embed \" style=\"padding-bottom: 75%;\">\n            <img decoding=\"async\" width=\"800\" height=\"600\" src=\"https:\/\/mutti-parma.com\/app\/uploads\/sites\/17\/2021\/01\/salade-de-ble-aux-legumes-grilles-800x600.jpg\" class=\"wp-image-8406\" alt=\"\" data-spai-crop=\"true\" loading=\"lazy\" style=\"object-position: 49% 100%;\" \/>\n          <\/div>\n        \n                  <h5 class=\"text-center underline\">\n            Salade de bl\u00e9 aux l\u00e9gumes grill\u00e9s\n                      <\/h5>\n        \n                  <\/a>\n              <\/div>\n          <div class=\" w-1\/1 sm:w-1\/2 md:w-1\/4 px-8 py-4 md:py-8\">\n                  <a href=\"https:\/\/mutti-parma.com\/fr\/nos-recettes\/tarte-aux-legumes-grilles\/\" target=\"\" class=\"hover:zoom-img\">\n        \n                  \n          <div class=\"responsive-embed \" style=\"padding-bottom: 75%;\">\n            <img decoding=\"async\" width=\"800\" height=\"600\" src=\"https:\/\/mutti-parma.com\/app\/uploads\/sites\/17\/2020\/07\/tarte-aux-legumes-grilles-jambon-pignons-origan-et-sauce-tomate-parmigiano-reggiano-e1599139616569-800x600.jpg\" class=\"wp-image-6339\" alt=\"Tarte aux l\u00e9gumes grill\u00e9s jambon pignons origan et sauce tomate parmigiano reggiano\" data-spai-crop=\"true\" loading=\"lazy\" \/>\n          <\/div>\n        \n                  <h5 class=\"text-center underline\">\n            Tarte aux l\u00e9gumes grill\u00e9s\n                      <\/h5>\n        \n                  <\/a>\n              <\/div>\n          <div class=\" w-1\/1 sm:w-1\/2 md:w-1\/4 px-8 py-4 md:py-8\">\n                  <a href=\"https:\/\/mutti-parma.com\/fr\/nos-recettes\/tortillas-a-la-creme-davocats-legumes-rotis-et-pesto-de-tomates-rouges\/\" target=\"\" class=\"hover:zoom-img\">\n        \n                  \n          <div class=\"responsive-embed \" style=\"padding-bottom: 75%;\">\n            <img decoding=\"async\" width=\"800\" height=\"600\" src=\"https:\/\/mutti-parma.com\/app\/uploads\/sites\/17\/2021\/04\/tortillas-au-pesto-de-tomates-rouges-800x600.jpg\" class=\"wp-image-13191\" alt=\"\" data-spai-crop=\"true\" loading=\"lazy\" style=\"object-position: 50% 50%;\" \/>\n          <\/div>\n        \n                  <h5 class=\"text-center underline\">\n            Tortillas au pesto de tomates rouges\n                      <\/h5>\n        \n                  <\/a>\n              <\/div>\n          <div class=\" w-1\/1 sm:w-1\/2 md:w-1\/4 px-8 py-4 md:py-8\">\n                  <a href=\"https:\/\/mutti-parma.com\/fr\/nos-recettes\/quiche-aux-tomates\/\" target=\"\" class=\"hover:zoom-img\">\n        \n                  \n          <div class=\"responsive-embed \" style=\"padding-bottom: 75%;\">\n            <img decoding=\"async\" width=\"800\" height=\"600\" src=\"https:\/\/mutti-parma.com\/app\/uploads\/sites\/17\/2019\/12\/quiche-aux-tomates-800x600.jpg\" class=\"wp-image-1598\" alt=\"\" data-spai-crop=\"true\" loading=\"lazy\" \/>\n          <\/div>\n        \n                  <h5 class=\"text-center underline\">\n            Quiche aux tomates\n                      <\/h5>\n        \n                  <\/a>\n              <\/div>\n          <div class=\" w-1\/1 sm:w-1\/2 md:w-1\/4 px-8 py-4 md:py-8\">\n                  <a href=\"https:\/\/mutti-parma.com\/fr\/nos-recettes\/tomates-confites\/\" target=\"\" class=\"hover:zoom-img\">\n        \n                  \n          <div class=\"responsive-embed \" style=\"padding-bottom: 75%;\">\n            <img decoding=\"async\" width=\"800\" height=\"600\" src=\"https:\/\/mutti-parma.com\/app\/uploads\/sites\/17\/2019\/12\/tomates-confites-800x600.jpg\" class=\"wp-image-2289\" alt=\"\" data-spai-crop=\"true\" loading=\"lazy\" \/>\n          <\/div>\n        \n                  <h5 class=\"text-center underline\">\n            Tomates confites\n                      <\/h5>\n        \n                  <\/a>\n              <\/div>\n          <div class=\" w-1\/1 sm:w-1\/2 md:w-1\/4 px-8 py-4 md:py-8\">\n                  <a href=\"https:\/\/mutti-parma.com\/fr\/nos-recettes\/foccacia-aux-tomates-cerises\/\" target=\"\" class=\"hover:zoom-img\">\n        \n                  \n          <div class=\"responsive-embed \" style=\"padding-bottom: 75%;\">\n            <img decoding=\"async\" width=\"800\" height=\"600\" src=\"https:\/\/mutti-parma.com\/app\/uploads\/sites\/17\/2019\/12\/foccacia-aux-tomates-cerises-800x600.jpg\" class=\"wp-image-2266\" alt=\"Foccacia aux tomates cerises\" data-spai-crop=\"true\" loading=\"lazy\" \/>\n          <\/div>\n        \n                  <h5 class=\"text-center underline\">\n            Foccacia aux tomates cerises\n                      <\/h5>\n        \n                  <\/a>\n              <\/div>\n      <\/div>\n<\/div>\n\n\n\n<div class=\"wp-block-media-text alignwide is-stacked-on-mobile is-vertically-aligned-center is-image-fill is-style-default has-darkred-background-color has-background\" style=\"grid-template-columns:48% auto\"><figure class=\"wp-block-media-text__media\" style=\"background-image:url(https:\/\/mutti-parma.com\/app\/uploads\/sites\/17\/2019\/12\/aubergines-grillexxes-axx-la-tomate.jpg);background-position:50% 50%\"><img loading=\"lazy\" decoding=\"async\" width=\"800\" height=\"850\" src=\"https:\/\/mutti-parma.com\/app\/uploads\/sites\/17\/2019\/12\/aubergines-grillexxes-axx-la-tomate.jpg\" alt=\"\" class=\"wp-image-1204 size-full\" srcset=\"https:\/\/mutti-parma.com\/app\/uploads\/sites\/17\/2019\/12\/aubergines-grillexxes-axx-la-tomate.jpg 800w, https:\/\/mutti-parma.com\/app\/uploads\/sites\/17\/2019\/12\/aubergines-grillexxes-axx-la-tomate-188x200.jpg 188w, https:\/\/mutti-parma.com\/app\/uploads\/sites\/17\/2019\/12\/aubergines-grillexxes-axx-la-tomate-471x500.jpg 471w, https:\/\/mutti-parma.com\/app\/uploads\/sites\/17\/2019\/12\/aubergines-grillexxes-axx-la-tomate-768x816.jpg 768w, https:\/\/mutti-parma.com\/app\/uploads\/sites\/17\/2019\/12\/aubergines-grillexxes-axx-la-tomate-150x159.jpg 150w, https:\/\/mutti-parma.com\/app\/uploads\/sites\/17\/2019\/12\/aubergines-grillexxes-axx-la-tomate-600x638.jpg 600w\" sizes=\"(max-width: 800px) 100vw, 800px\" \/><\/figure><div class=\"wp-block-media-text__content\">\n<h2 class=\"wp-block-heading\">Plus de recettes<\/h2>\n\n\n\n<h2 class=\"is-style-cursive wp-block-heading\">Vous souhaitez d\u00e9couvrir d&rsquo;autres id\u00e9es de recettes estivales pour l&rsquo;\u00e9t\u00e9 ?<\/h2>\n\n\n\n<p>Notre galerie de recettes propose de nombreuses id\u00e9es d\u2019ap\u00e9ritifs, d\u2019entr\u00e9es, de plats et de desserts faciles \u00e0 r\u00e9aliser, qui vous permettront de trouver des recettes id\u00e9ales pour l&rsquo;\u00e9t\u00e9.<\/p>\n\n\n\n<p>Bonne pr\u00e9paration avec Mutti !<\/p>\n\n\n\n<div class=\"wp-block-buttons is-layout-flex wp-block-buttons-is-layout-flex\">\n<div class=\"wp-block-button is-style-button\"><a class=\"wp-block-button__link\" href=\"https:\/\/mutti-parma.com\/fr\/cuisine\/recettes-dete-a-la-tomate\/\" target=\"_blank\" rel=\"noreferrer noopener\">D\u00e9couvrir TOUTES NOS RECETTES d&rsquo;\u00e9t\u00e9<\/a><\/div>\n<\/div>\n<\/div><\/div>\n","protected":false},"excerpt":{"rendered":"<p>Par une belle journ\u00e9e d\u2019\u00e9t\u00e9, qu\u2019y a t\u2019il de mieux que de d\u00e9jeuner ou d\u00eener en plein air ? L\u2019\u00e9t\u00e9 est la saison des pique-niques et des barbecues, o\u00f9 l\u2019on s\u2019attable en famille ou entre amis, avec de d\u00e9licieuses grillades et salades maison ! D\u00e9couvrez quelques-unes de nos recettes \u00e0 base de tomates qui se pr\u00eateront \u00e0 merveille pour cette saison !<\/p>\n","protected":false},"author":15,"featured_media":16613,"comment_status":"open","ping_status":"closed","sticky":false,"template":"","format":"standard","meta":{"_acf_changed":false,"_relevanssi_hide_post":"","_relevanssi_hide_content":"","_relevanssi_pin_for_all":"","_relevanssi_pin_keywords":"","_relevanssi_unpin_keywords":"","_relevanssi_related_keywords":"","_relevanssi_related_include_ids":"","_relevanssi_related_exclude_ids":"","_relevanssi_related_no_append":"","_relevanssi_related_not_related":"","_relevanssi_related_posts":"","_relevanssi_noindex_reason":"","footnotes":""},"categories":[1],"tags":[],"class_list":["post-16601","post","type-post","status-publish","format-standard","has-post-thumbnail","hentry","category-actualites"],"acf":[],"_links":{"self":[{"href":"https:\/\/mutti-parma.com\/fr\/wp-json\/wp\/v2\/posts\/16601","targetHints":{"allow":["GET"]}}],"collection":[{"href":"https:\/\/mutti-parma.com\/fr\/wp-json\/wp\/v2\/posts"}],"about":[{"href":"https:\/\/mutti-parma.com\/fr\/wp-json\/wp\/v2\/types\/post"}],"author":[{"embeddable":true,"href":"https:\/\/mutti-parma.com\/fr\/wp-json\/wp\/v2\/users\/15"}],"replies":[{"embeddable":true,"href":"https:\/\/mutti-parma.com\/fr\/wp-json\/wp\/v2\/comments?post=16601"}],"version-history":[{"count":26,"href":"https:\/\/mutti-parma.com\/fr\/wp-json\/wp\/v2\/posts\/16601\/revisions"}],"predecessor-version":[{"id":16777,"href":"https:\/\/mutti-parma.com\/fr\/wp-json\/wp\/v2\/posts\/16601\/revisions\/16777"}],"wp:featuredmedia":[{"embeddable":true,"href":"https:\/\/mutti-parma.com\/fr\/wp-json\/wp\/v2\/media\/16613"}],"wp:attachment":[{"href":"https:\/\/mutti-parma.com\/fr\/wp-json\/wp\/v2\/media?parent=16601"}],"wp:term":[{"taxonomy":"category","embeddable":true,"href":"https:\/\/mutti-parma.com\/fr\/wp-json\/wp\/v2\/categories?post=16601"},{"taxonomy":"post_tag","embeddable":true,"href":"https:\/\/mutti-parma.com\/fr\/wp-json\/wp\/v2\/tags?post=16601"}],"curies":[{"name":"wp","href":"https:\/\/api.w.org\/{rel}","templated":true}]}}